{"id":657,"date":"2023-05-06T15:24:07","date_gmt":"2023-05-06T15:24:07","guid":{"rendered":"http:\/\/www.unafamiliaconperro.com\/?p=657"},"modified":"2025-04-03T17:28:37","modified_gmt":"2025-04-03T17:28:37","slug":"viaja-a-benalmadena-con-tu-perro","status":"publish","type":"post","link":"http:\/\/www.unafamiliaconperro.com\/?p=657","title":{"rendered":"Viaje a Benalmadena con perro"},"content":{"rendered":"\n<p>Escap\u00e1ndonos de las fiestas de nuestro pueblo nos fuimos a de viaje Benalm\u00e1dena con toda la familia y por supuesto nuestro perro Romeo , a tan solo 1 hora de nuestra casa ,  para pasar un buen d\u00eda  en familia da igual la distancia . a nosotros nos encanta salir fuera viaja en familia y llevar a nuestro perro da igual la distancia . Benalmadena me sorprendi\u00f3 gratamente , un lugar ideal para hacer un viaje con perro y con ni\u00f1os . Nunca hab\u00edamos estado y lo poco que nos dio tiempo a ver \u2026. Siendo una familia numerosa y llevando dos bebes , nos falt\u00f3 un mont\u00f3n de cosas que ver . igual , al estar tan cerca seguro volveremos . <\/p>\n\n\n\n<figure class=\"wp-block-image size-large\"><img fetchpriority=\"high\" decoding=\"async\" width=\"768\" height=\"1024\" src=\"http:\/\/www.unafamiliaconperro.com\/wp-content\/uploads\/2023\/05\/img_3762-768x1024.jpg\" alt=\"\" class=\"wp-image-658\" srcset=\"http:\/\/www.unafamiliaconperro.com\/wp-content\/uploads\/2023\/05\/img_3762-768x1024.jpg 768w, http:\/\/www.unafamiliaconperro.com\/wp-content\/uploads\/2023\/05\/img_3762-225x300.jpg 225w, http:\/\/www.unafamiliaconperro.com\/wp-content\/uploads\/2023\/05\/img_3762-600x800.jpg 600w, http:\/\/www.unafamiliaconperro.com\/wp-content\/uploads\/2023\/05\/img_3762-1152x1536.jpg 1152w, http:\/\/www.unafamiliaconperro.com\/wp-content\/uploads\/2023\/05\/img_3762-1536x2048.jpg 1536w, http:\/\/www.unafamiliaconperro.com\/wp-content\/uploads\/2023\/05\/img_3762-263x350.jpg 263w, http:\/\/www.unafamiliaconperro.com\/wp-content\/uploads\/2023\/05\/img_3762-scaled.jpg 1920w\" sizes=\"(max-width: 768px) 100vw, 768px\" \/><figcaption class=\"wp-element-caption\">Benalmadena pueblo <\/figcaption><\/figure>\n\n\n\n<p>Nos quedamos en un hotel incre\u00edble de bonito, que se llama <a href=\"https:\/\/www.kqzyfj.com\/click-101406830-12180791?url=https%3A%2F%2Fwww.booking.com%2FShare-FAKVcz\">Boutique x pueblo<\/a> , habitaci\u00f3n  grande y con terraza , donde cambiamos los 6 sin problemas , en Benalm\u00e1dena pueblo muy cerca del centro , en el cual permit\u00edan mascotas . Esta vez usamos la aplicaci\u00f3n de <a href=\"https:\/\/www.kqzyfj.com\/click-101406830-12180791?url=https%3A%2F%2Fwww.booking.com%2FShare-FAKVcz\">Booking. <\/a><\/p>\n\n\n\n<p>Dimos un paseo por el precioso pueblo y en la plaza del pueblo , comimos en un restaurante , que se llama La fuente , donde permit\u00edan a tu mascota tanto dentro como fuera \u2026 Elegimos fuera , aparte que hac\u00eda buen d\u00eda , as\u00ed Luis pod\u00eda corretear para ac\u00e1 y para all\u00e1 . <\/p>\n\n\n\n<figure class=\"wp-block-image size-large is-style-default\"><img decoding=\"async\" width=\"768\" height=\"1024\" src=\"http:\/\/www.unafamiliaconperro.com\/wp-content\/uploads\/2023\/05\/img_3755-768x1024.jpg\" alt=\"\" class=\"wp-image-660\" srcset=\"http:\/\/www.unafamiliaconperro.com\/wp-content\/uploads\/2023\/05\/img_3755-768x1024.jpg 768w, http:\/\/www.unafamiliaconperro.com\/wp-content\/uploads\/2023\/05\/img_3755-225x300.jpg 225w, http:\/\/www.unafamiliaconperro.com\/wp-content\/uploads\/2023\/05\/img_3755-600x800.jpg 600w, http:\/\/www.unafamiliaconperro.com\/wp-content\/uploads\/2023\/05\/img_3755-1152x1536.jpg 1152w, http:\/\/www.unafamiliaconperro.com\/wp-content\/uploads\/2023\/05\/img_3755-1536x2048.jpg 1536w, http:\/\/www.unafamiliaconperro.com\/wp-content\/uploads\/2023\/05\/img_3755-263x350.jpg 263w, http:\/\/www.unafamiliaconperro.com\/wp-content\/uploads\/2023\/05\/img_3755-scaled.jpg 1920w\" sizes=\"(max-width: 768px) 100vw, 768px\" \/><\/figure>\n\n\n\n<p>De aqu\u00ed nos fuimos direcci\u00f3n Parque de las Palomas , donde nos encontramos un s\u00faper parque de ni\u00f1os , una especie de minizoo que hab\u00eda  cabras, gallinas , burros\u2026 un estanque gigante lleno de patos , ocas \u2026. Hasta una mini feria , todo era gratuito y me encanto para pasar el d\u00eda en familia . Adem\u00e1s se pod\u00eda entrar con tu perro entonces \u2026 \u00bf que m\u00e1s se puede pedir ? Nos paramos a merendar en una cafeter\u00eda dentro del parque donde, por supuesto , pudimos estar dentro con Romeo sin ning\u00fan tipo de problema . <\/p>\n\n\n\n<figure class=\"wp-block-image size-large\"><img decoding=\"async\" width=\"819\" height=\"1024\" src=\"http:\/\/www.unafamiliaconperro.com\/wp-content\/uploads\/2023\/05\/4993782d-ac54-4bc6-8523-c85741ed6444-819x1024.jpg\" alt=\"\" class=\"wp-image-663\" srcset=\"http:\/\/www.unafamiliaconperro.com\/wp-content\/uploads\/2023\/05\/4993782d-ac54-4bc6-8523-c85741ed6444-819x1024.jpg 819w, http:\/\/www.unafamiliaconperro.com\/wp-content\/uploads\/2023\/05\/4993782d-ac54-4bc6-8523-c85741ed6444-240x300.jpg 240w, http:\/\/www.unafamiliaconperro.com\/wp-content\/uploads\/2023\/05\/4993782d-ac54-4bc6-8523-c85741ed6444-768x960.jpg 768w, http:\/\/www.unafamiliaconperro.com\/wp-content\/uploads\/2023\/05\/4993782d-ac54-4bc6-8523-c85741ed6444-600x750.jpg 600w, http:\/\/www.unafamiliaconperro.com\/wp-content\/uploads\/2023\/05\/4993782d-ac54-4bc6-8523-c85741ed6444-1229x1536.jpg 1229w, http:\/\/www.unafamiliaconperro.com\/wp-content\/uploads\/2023\/05\/4993782d-ac54-4bc6-8523-c85741ed6444-1638x2048.jpg 1638w, http:\/\/www.unafamiliaconperro.com\/wp-content\/uploads\/2023\/05\/4993782d-ac54-4bc6-8523-c85741ed6444-280x350.jpg 280w, http:\/\/www.unafamiliaconperro.com\/wp-content\/uploads\/2023\/05\/4993782d-ac54-4bc6-8523-c85741ed6444-scaled.jpg 2048w\" sizes=\"(max-width: 819px) 100vw, 819px\" \/><\/figure>\n\n\n\n<p class=\"has-text-align-center\"><strong>Castillo Colomares <\/strong><\/p>\n\n\n\n<p>Es una visita obligatoria si vienes por esta zona . Castillo de cuento donde los peques lo pasaran en grande correteando y descubriendo sus rincones . <\/p>\n\n\n\n<p>La entrada es economica y puedes entrar con tu perro . <\/p>\n\n\n\n<figure class=\"wp-block-gallery has-nested-images columns-default is-cropped wp-block-gallery-1 is-layout-flex wp-block-gallery-is-layout-flex\">\n<figure class=\"wp-block-image size-large\"><img loading=\"lazy\" decoding=\"async\" width=\"655\" height=\"1024\" data-id=\"717\" src=\"http:\/\/www.unafamiliaconperro.com\/wp-content\/uploads\/2025\/03\/IMG_1699-2-655x1024.jpg\" alt=\"\" class=\"wp-image-717\" srcset=\"http:\/\/www.unafamiliaconperro.com\/wp-content\/uploads\/2025\/03\/IMG_1699-2-655x1024.jpg 655w, http:\/\/www.unafamiliaconperro.com\/wp-content\/uploads\/2025\/03\/IMG_1699-2-192x300.jpg 192w, http:\/\/www.unafamiliaconperro.com\/wp-content\/uploads\/2025\/03\/IMG_1699-2-768x1200.jpg 768w, http:\/\/www.unafamiliaconperro.com\/wp-content\/uploads\/2025\/03\/IMG_1699-2-600x938.jpg 600w, http:\/\/www.unafamiliaconperro.com\/wp-content\/uploads\/2025\/03\/IMG_1699-2-983x1536.jpg 983w, http:\/\/www.unafamiliaconperro.com\/wp-content\/uploads\/2025\/03\/IMG_1699-2-224x350.jpg 224w, http:\/\/www.unafamiliaconperro.com\/wp-content\/uploads\/2025\/03\/IMG_1699-2.jpg 1284w\" sizes=\"(max-width: 655px) 100vw, 655px\" \/><figcaption class=\"wp-element-caption\">castillo colomares <\/figcaption><\/figure>\n<\/figure>\n\n\n\n<p><\/p>\n\n\n\n<p>Echamos la tarde entera en el parque , tanto que no pudimos ver nada m\u00e1s , del parque para el hotel, los beb\u00e9s estaban ya agotados . Pedimos unas pizzas y  todos a dormir  . <\/p>\n\n\n\n<p>Ahora, es lo que nos toca viajar a ritmo d beb\u00e9s y aunque nosotros tengamos unos planes \u2026 no se terminan cumpliendo . Lo mejor ir sobre la marcha . <\/p>\n\n\n\n<p>Cosas que nos quedaron pendientes de ver :<\/p>\n\n\n\n<ul class=\"wp-block-list\">\n<li><\/li>\n<\/ul>\n\n\n\n<p>El Mariposario y la Estupa est\u00e1n  juntos y estuvimos en los alrededores,  pero hab\u00eda tant\u00edsima gente que decidimos dejarlo para otra ocasi\u00f3n . Me pareci\u00f3 un lugar de lo m\u00e1s acertado para ir con tu mascota . Volveremos . <\/p>\n\n\n\n<figure class=\"wp-block-image size-large\"><img loading=\"lazy\" decoding=\"async\" width=\"768\" height=\"1024\" src=\"http:\/\/www.unafamiliaconperro.com\/wp-content\/uploads\/2023\/05\/img_3914-768x1024.jpg\" alt=\"\" class=\"wp-image-667\" srcset=\"http:\/\/www.unafamiliaconperro.com\/wp-content\/uploads\/2023\/05\/img_3914-768x1024.jpg 768w, http:\/\/www.unafamiliaconperro.com\/wp-content\/uploads\/2023\/05\/img_3914-225x300.jpg 225w, http:\/\/www.unafamiliaconperro.com\/wp-content\/uploads\/2023\/05\/img_3914-600x800.jpg 600w, http:\/\/www.unafamiliaconperro.com\/wp-content\/uploads\/2023\/05\/img_3914-1152x1536.jpg 1152w, http:\/\/www.unafamiliaconperro.com\/wp-content\/uploads\/2023\/05\/img_3914-1536x2048.jpg 1536w, http:\/\/www.unafamiliaconperro.com\/wp-content\/uploads\/2023\/05\/img_3914-263x350.jpg 263w, http:\/\/www.unafamiliaconperro.com\/wp-content\/uploads\/2023\/05\/img_3914-scaled.jpg 1920w\" sizes=\"(max-width: 768px) 100vw, 768px\" \/><\/figure>\n\n\n\n<p>Si estas por esta zona tambi\u00e9n te puede interesar ir a <a href=\"http:\/\/www.unafamiliaconperro.com\/?p=695\">Ronda <\/a>o a <a href=\"http:\/\/www.unafamiliaconperro.com\/?p=19\">Frigiliana<\/a> . <\/p>\n\n\n\n<p>Ademas te dejo unas ideas <a href=\"http:\/\/www.unafamiliaconperro.com\/?p=685\">pet para hacer en Malaga<\/a> . <\/p>\n","protected":false},"excerpt":{"rendered":"<p>Escap\u00e1ndonos de las fiestas de nuestro pueblo nos fuimos a de viaje Benalm\u00e1dena con toda la familia y por supuesto nuestro perro Romeo , a tan solo 1 hora de nuestra casa , para pasar un buen d\u00eda en familia da igual la distancia . a nosotros nos encanta salir fuera viaja en familia y [&hellip;]<\/p>\n","protected":false},"author":1,"featured_media":664,"comment_status":"open","ping_status":"open","sticky":false,"template":"","format":"standard","meta":{"_jetpack_memberships_contains_paid_content":false,"footnotes":""},"categories":[15,3],"tags":[],"class_list":["post-657","post","type-post","status-publish","format-standard","has-post-thumbnail","hentry","category-andalucia-viajes","category-viajes"],"yoast_head":"<!-- This site is optimized with the Yoast SEO plugin v24.8.1 - https:\/\/yoast.com\/wordpress\/plugins\/seo\/ -->\n<title>Viaje a Benalmadena con perro - Una familia Con Perro<\/title>\n<meta name=\"description\" content=\"pase un finde de descanso con tu perro en Benalmadena , te digo donde dormir , donde comer y que visitar y que tu perro sea bienvenido .\" \/>\n<meta name=\"robots\" content=\"index, follow, max-snippet:-1, max-image-preview:large, max-video-preview:-1\" \/>\n<link rel=\"canonical\" href=\"https:\/\/www.unafamiliaconperro.com\/?p=657\" \/>\n<meta property=\"og:locale\" content=\"es_ES\" \/>\n<meta property=\"og:type\" content=\"article\" \/>\n<meta property=\"og:title\" content=\"Viaje a Benalmadena con perro - Una familia Con Perro\" \/>\n<meta property=\"og:description\" content=\"pase un finde de descanso con tu perro en Benalmadena , te digo donde dormir , donde comer y que visitar y que tu perro sea bienvenido .\" \/>\n<meta property=\"og:url\" content=\"https:\/\/www.unafamiliaconperro.com\/?p=657\" \/>\n<meta property=\"og:site_name\" content=\"Una familia Con Perro\" \/>\n<meta property=\"article:published_time\" content=\"2023-05-06T15:24:07+00:00\" \/>\n<meta property=\"article:modified_time\" content=\"2025-04-03T17:28:37+00:00\" \/>\n<meta property=\"og:image\" content=\"https:\/\/www.unafamiliaconperro.com\/wp-content\/uploads\/2023\/05\/img_3803-scaled.jpg\" \/>\n\t<meta property=\"og:image:width\" content=\"2295\" \/>\n\t<meta property=\"og:image:height\" content=\"2560\" \/>\n\t<meta property=\"og:image:type\" content=\"image\/jpeg\" \/>\n<meta name=\"author\" content=\"Ana\" \/>\n<meta name=\"twitter:card\" content=\"summary_large_image\" \/>\n<meta name=\"twitter:label1\" content=\"Escrito por\" \/>\n\t<meta name=\"twitter:data1\" content=\"Ana\" \/>\n\t<meta name=\"twitter:label2\" content=\"Tiempo de lectura\" \/>\n\t<meta name=\"twitter:data2\" content=\"2 minutos\" \/>\n<script type=\"application\/ld+json\" class=\"yoast-schema-graph\">{\"@context\":\"https:\/\/schema.org\",\"@graph\":[{\"@type\":\"Article\",\"@id\":\"https:\/\/www.unafamiliaconperro.com\/?p=657#article\",\"isPartOf\":{\"@id\":\"https:\/\/www.unafamiliaconperro.com\/?p=657\"},\"author\":{\"name\":\"Ana\",\"@id\":\"http:\/\/www.unafamiliaconperro.com\/#\/schema\/person\/693de355e37138a585d8cbfb86f8d927\"},\"headline\":\"Viaje a Benalmadena con perro\",\"datePublished\":\"2023-05-06T15:24:07+00:00\",\"dateModified\":\"2025-04-03T17:28:37+00:00\",\"mainEntityOfPage\":{\"@id\":\"https:\/\/www.unafamiliaconperro.com\/?p=657\"},\"wordCount\":490,\"commentCount\":0,\"publisher\":{\"@id\":\"http:\/\/www.unafamiliaconperro.com\/#\/schema\/person\/693de355e37138a585d8cbfb86f8d927\"},\"image\":{\"@id\":\"https:\/\/www.unafamiliaconperro.com\/?p=657#primaryimage\"},\"thumbnailUrl\":\"http:\/\/www.unafamiliaconperro.com\/wp-content\/uploads\/2023\/05\/img_3803-scaled.jpg\",\"articleSection\":[\"Andalucia\",\"viajes\"],\"inLanguage\":\"es\",\"potentialAction\":[{\"@type\":\"CommentAction\",\"name\":\"Comment\",\"target\":[\"https:\/\/www.unafamiliaconperro.com\/?p=657#respond\"]}]},{\"@type\":\"WebPage\",\"@id\":\"https:\/\/www.unafamiliaconperro.com\/?p=657\",\"url\":\"https:\/\/www.unafamiliaconperro.com\/?p=657\",\"name\":\"Viaje a Benalmadena con perro - Una familia Con Perro\",\"isPartOf\":{\"@id\":\"http:\/\/www.unafamiliaconperro.com\/#website\"},\"primaryImageOfPage\":{\"@id\":\"https:\/\/www.unafamiliaconperro.com\/?p=657#primaryimage\"},\"image\":{\"@id\":\"https:\/\/www.unafamiliaconperro.com\/?p=657#primaryimage\"},\"thumbnailUrl\":\"http:\/\/www.unafamiliaconperro.com\/wp-content\/uploads\/2023\/05\/img_3803-scaled.jpg\",\"datePublished\":\"2023-05-06T15:24:07+00:00\",\"dateModified\":\"2025-04-03T17:28:37+00:00\",\"description\":\"pase un finde de descanso con tu perro en Benalmadena , te digo donde dormir , donde comer y que visitar y que tu perro sea bienvenido .\",\"breadcrumb\":{\"@id\":\"https:\/\/www.unafamiliaconperro.com\/?p=657#breadcrumb\"},\"inLanguage\":\"es\",\"potentialAction\":[{\"@type\":\"ReadAction\",\"target\":[\"https:\/\/www.unafamiliaconperro.com\/?p=657\"]}]},{\"@type\":\"ImageObject\",\"inLanguage\":\"es\",\"@id\":\"https:\/\/www.unafamiliaconperro.com\/?p=657#primaryimage\",\"url\":\"http:\/\/www.unafamiliaconperro.com\/wp-content\/uploads\/2023\/05\/img_3803-scaled.jpg\",\"contentUrl\":\"http:\/\/www.unafamiliaconperro.com\/wp-content\/uploads\/2023\/05\/img_3803-scaled.jpg\",\"width\":2295,\"height\":2560},{\"@type\":\"BreadcrumbList\",\"@id\":\"https:\/\/www.unafamiliaconperro.com\/?p=657#breadcrumb\",\"itemListElement\":[{\"@type\":\"ListItem\",\"position\":1,\"name\":\"Portada\",\"item\":\"http:\/\/www.unafamiliaconperro.com\/\"},{\"@type\":\"ListItem\",\"position\":2,\"name\":\"Viaje a Benalmadena con perro\"}]},{\"@type\":\"WebSite\",\"@id\":\"http:\/\/www.unafamiliaconperro.com\/#website\",\"url\":\"http:\/\/www.unafamiliaconperro.com\/\",\"name\":\"Una familia Con Perro\",\"description\":\"Blog donde te contamos nuestras aventuras en familia, ademas de alg\u00fan cosejillo . Siempre con nuestro perro Romeo .\",\"publisher\":{\"@id\":\"http:\/\/www.unafamiliaconperro.com\/#\/schema\/person\/693de355e37138a585d8cbfb86f8d927\"},\"potentialAction\":[{\"@type\":\"SearchAction\",\"target\":{\"@type\":\"EntryPoint\",\"urlTemplate\":\"http:\/\/www.unafamiliaconperro.com\/?s={search_term_string}\"},\"query-input\":{\"@type\":\"PropertyValueSpecification\",\"valueRequired\":true,\"valueName\":\"search_term_string\"}}],\"inLanguage\":\"es\"},{\"@type\":[\"Person\",\"Organization\"],\"@id\":\"http:\/\/www.unafamiliaconperro.com\/#\/schema\/person\/693de355e37138a585d8cbfb86f8d927\",\"name\":\"Ana\",\"image\":{\"@type\":\"ImageObject\",\"inLanguage\":\"es\",\"@id\":\"http:\/\/www.unafamiliaconperro.com\/#\/schema\/person\/image\/\",\"url\":\"http:\/\/www.unafamiliaconperro.com\/wp-content\/uploads\/2019\/02\/cropped-E64100B0-D945-4F8B-BC26-07A670136D26-scaled-1.jpg\",\"contentUrl\":\"http:\/\/www.unafamiliaconperro.com\/wp-content\/uploads\/2019\/02\/cropped-E64100B0-D945-4F8B-BC26-07A670136D26-scaled-1.jpg\",\"width\":400,\"height\":200,\"caption\":\"Ana\"},\"logo\":{\"@id\":\"http:\/\/www.unafamiliaconperro.com\/#\/schema\/person\/image\/\"}}]}<\/script>\n<!-- \/ Yoast SEO plugin. -->","yoast_head_json":{"title":"Viaje a Benalmadena con perro - Una familia Con Perro","description":"pase un finde de descanso con tu perro en Benalmadena , te digo donde dormir , donde comer y que visitar y que tu perro sea bienvenido .","robots":{"index":"index","follow":"follow","max-snippet":"max-snippet:-1","max-image-preview":"max-image-preview:large","max-video-preview":"max-video-preview:-1"},"canonical":"https:\/\/www.unafamiliaconperro.com\/?p=657","og_locale":"es_ES","og_type":"article","og_title":"Viaje a Benalmadena con perro - Una familia Con Perro","og_description":"pase un finde de descanso con tu perro en Benalmadena , te digo donde dormir , donde comer y que visitar y que tu perro sea bienvenido .","og_url":"https:\/\/www.unafamiliaconperro.com\/?p=657","og_site_name":"Una familia Con Perro","article_published_time":"2023-05-06T15:24:07+00:00","article_modified_time":"2025-04-03T17:28:37+00:00","og_image":[{"width":2295,"height":2560,"url":"https:\/\/www.unafamiliaconperro.com\/wp-content\/uploads\/2023\/05\/img_3803-scaled.jpg","type":"image\/jpeg"}],"author":"Ana","twitter_card":"summary_large_image","twitter_misc":{"Escrito por":"Ana","Tiempo de lectura":"2 minutos"},"schema":{"@context":"https:\/\/schema.org","@graph":[{"@type":"Article","@id":"https:\/\/www.unafamiliaconperro.com\/?p=657#article","isPartOf":{"@id":"https:\/\/www.unafamiliaconperro.com\/?p=657"},"author":{"name":"Ana","@id":"http:\/\/www.unafamiliaconperro.com\/#\/schema\/person\/693de355e37138a585d8cbfb86f8d927"},"headline":"Viaje a Benalmadena con perro","datePublished":"2023-05-06T15:24:07+00:00","dateModified":"2025-04-03T17:28:37+00:00","mainEntityOfPage":{"@id":"https:\/\/www.unafamiliaconperro.com\/?p=657"},"wordCount":490,"commentCount":0,"publisher":{"@id":"http:\/\/www.unafamiliaconperro.com\/#\/schema\/person\/693de355e37138a585d8cbfb86f8d927"},"image":{"@id":"https:\/\/www.unafamiliaconperro.com\/?p=657#primaryimage"},"thumbnailUrl":"http:\/\/www.unafamiliaconperro.com\/wp-content\/uploads\/2023\/05\/img_3803-scaled.jpg","articleSection":["Andalucia","viajes"],"inLanguage":"es","potentialAction":[{"@type":"CommentAction","name":"Comment","target":["https:\/\/www.unafamiliaconperro.com\/?p=657#respond"]}]},{"@type":"WebPage","@id":"https:\/\/www.unafamiliaconperro.com\/?p=657","url":"https:\/\/www.unafamiliaconperro.com\/?p=657","name":"Viaje a Benalmadena con perro - Una familia Con Perro","isPartOf":{"@id":"http:\/\/www.unafamiliaconperro.com\/#website"},"primaryImageOfPage":{"@id":"https:\/\/www.unafamiliaconperro.com\/?p=657#primaryimage"},"image":{"@id":"https:\/\/www.unafamiliaconperro.com\/?p=657#primaryimage"},"thumbnailUrl":"http:\/\/www.unafamiliaconperro.com\/wp-content\/uploads\/2023\/05\/img_3803-scaled.jpg","datePublished":"2023-05-06T15:24:07+00:00","dateModified":"2025-04-03T17:28:37+00:00","description":"pase un finde de descanso con tu perro en Benalmadena , te digo donde dormir , donde comer y que visitar y que tu perro sea bienvenido .","breadcrumb":{"@id":"https:\/\/www.unafamiliaconperro.com\/?p=657#breadcrumb"},"inLanguage":"es","potentialAction":[{"@type":"ReadAction","target":["https:\/\/www.unafamiliaconperro.com\/?p=657"]}]},{"@type":"ImageObject","inLanguage":"es","@id":"https:\/\/www.unafamiliaconperro.com\/?p=657#primaryimage","url":"http:\/\/www.unafamiliaconperro.com\/wp-content\/uploads\/2023\/05\/img_3803-scaled.jpg","contentUrl":"http:\/\/www.unafamiliaconperro.com\/wp-content\/uploads\/2023\/05\/img_3803-scaled.jpg","width":2295,"height":2560},{"@type":"BreadcrumbList","@id":"https:\/\/www.unafamiliaconperro.com\/?p=657#breadcrumb","itemListElement":[{"@type":"ListItem","position":1,"name":"Portada","item":"http:\/\/www.unafamiliaconperro.com\/"},{"@type":"ListItem","position":2,"name":"Viaje a Benalmadena con perro"}]},{"@type":"WebSite","@id":"http:\/\/www.unafamiliaconperro.com\/#website","url":"http:\/\/www.unafamiliaconperro.com\/","name":"Una familia Con Perro","description":"Blog donde te contamos nuestras aventuras en familia, ademas de alg\u00fan cosejillo . Siempre con nuestro perro Romeo .","publisher":{"@id":"http:\/\/www.unafamiliaconperro.com\/#\/schema\/person\/693de355e37138a585d8cbfb86f8d927"},"potentialAction":[{"@type":"SearchAction","target":{"@type":"EntryPoint","urlTemplate":"http:\/\/www.unafamiliaconperro.com\/?s={search_term_string}"},"query-input":{"@type":"PropertyValueSpecification","valueRequired":true,"valueName":"search_term_string"}}],"inLanguage":"es"},{"@type":["Person","Organization"],"@id":"http:\/\/www.unafamiliaconperro.com\/#\/schema\/person\/693de355e37138a585d8cbfb86f8d927","name":"Ana","image":{"@type":"ImageObject","inLanguage":"es","@id":"http:\/\/www.unafamiliaconperro.com\/#\/schema\/person\/image\/","url":"http:\/\/www.unafamiliaconperro.com\/wp-content\/uploads\/2019\/02\/cropped-E64100B0-D945-4F8B-BC26-07A670136D26-scaled-1.jpg","contentUrl":"http:\/\/www.unafamiliaconperro.com\/wp-content\/uploads\/2019\/02\/cropped-E64100B0-D945-4F8B-BC26-07A670136D26-scaled-1.jpg","width":400,"height":200,"caption":"Ana"},"logo":{"@id":"http:\/\/www.unafamiliaconperro.com\/#\/schema\/person\/image\/"}}]}},"jetpack_featured_media_url":"http:\/\/www.unafamiliaconperro.com\/wp-content\/uploads\/2023\/05\/img_3803-scaled.jpg","jetpack_sharing_enabled":true,"_links":{"self":[{"href":"http:\/\/www.unafamiliaconperro.com\/index.php?rest_route=\/wp\/v2\/posts\/657","targetHints":{"allow":["GET"]}}],"collection":[{"href":"http:\/\/www.unafamiliaconperro.com\/index.php?rest_route=\/wp\/v2\/posts"}],"about":[{"href":"http:\/\/www.unafamiliaconperro.com\/index.php?rest_route=\/wp\/v2\/types\/post"}],"author":[{"embeddable":true,"href":"http:\/\/www.unafamiliaconperro.com\/index.php?rest_route=\/wp\/v2\/users\/1"}],"replies":[{"embeddable":true,"href":"http:\/\/www.unafamiliaconperro.com\/index.php?rest_route=%2Fwp%2Fv2%2Fcomments&post=657"}],"version-history":[{"count":10,"href":"http:\/\/www.unafamiliaconperro.com\/index.php?rest_route=\/wp\/v2\/posts\/657\/revisions"}],"predecessor-version":[{"id":760,"href":"http:\/\/www.unafamiliaconperro.com\/index.php?rest_route=\/wp\/v2\/posts\/657\/revisions\/760"}],"wp:featuredmedia":[{"embeddable":true,"href":"http:\/\/www.unafamiliaconperro.com\/index.php?rest_route=\/wp\/v2\/media\/664"}],"wp:attachment":[{"href":"http:\/\/www.unafamiliaconperro.com\/index.php?rest_route=%2Fwp%2Fv2%2Fmedia&parent=657"}],"wp:term":[{"taxonomy":"category","embeddable":true,"href":"http:\/\/www.unafamiliaconperro.com\/index.php?rest_route=%2Fwp%2Fv2%2Fcategories&post=657"},{"taxonomy":"post_tag","embeddable":true,"href":"http:\/\/www.unafamiliaconperro.com\/index.php?rest_route=%2Fwp%2Fv2%2Ftags&post=657"}],"curies":[{"name":"wp","href":"https:\/\/api.w.org\/{rel}","templated":true}]}}